{"id":1039,"date":"2021-08-17T19:14:14","date_gmt":"2021-08-18T00:14:14","guid":{"rendered":"https:\/\/www.sabbath.com.co\/ontheroad\/?p=1039"},"modified":"2021-08-18T15:51:49","modified_gmt":"2021-08-18T20:51:49","slug":"la-feria-de-las-flores-llego-con-blessd-adriana-lucia-y-laberinto-al-centro-de-atencion-al-joven-la-pola","status":"publish","type":"post","link":"https:\/\/www.sabbath.com.co\/ontheroad\/la-feria-de-las-flores-llego-con-blessd-adriana-lucia-y-laberinto-al-centro-de-atencion-al-joven-la-pola","title":{"rendered":"La Feria de las Flores lleg\u00f3 con Blessd, Adriana Luc\u00eda y Laberinto al Centro de Atenci\u00f3n al Joven La Pola"},"content":{"rendered":"\n<p>Voceros: Daniel Quintero Calle, alcalde de Medell\u00edn; Diana Osorio, Gestora Social; \u00c1lvaro Narv\u00e1ez, secretario de Cultura Ciudadana; Juan Carlos Upegui, secretario de la No-Violencia; y Juan David Palacio, director del \u00c1rea Metropolitana.<\/p>\n\n\n\n<ul class=\"wp-block-list\"><li>La iniciativa hace parte del programa M\u00fasica por la Vida, liderado por la gestora social de Medell\u00edn.<\/li><li>350 j\u00f3venes disfrutaron de un espacio musical y de conversaci\u00f3n con los artistas.<\/li><\/ul>\n\n\n\n<p>La programaci\u00f3n cultural y musical de la Feria de las Flores 2021 llega a diferentes lugares de la ciudad. En esta ocasi\u00f3n, cerca de 350 internos del Centro de Atenci\u00f3n Carlos Lleras Restrepo \u2013 La Pola \u2013 recibieron la visita de los artistas Blessd, Adriana Luc\u00eda y de la agrupaci\u00f3n Laberinto.<\/p>\n\n\n\n<div class=\"wp-block-image\"><figure class=\"alignright size-large is-resized\"><img loading=\"lazy\" decoding=\"async\" src=\"https:\/\/www.sabbath.com.co\/ontheroad\/wp-content\/uploads\/2021\/08\/1-1024x683.jpeg\" alt=\"\" class=\"wp-image-1041\" width=\"375\" height=\"250\" srcset=\"https:\/\/www.sabbath.com.co\/ontheroad\/wp-content\/uploads\/2021\/08\/1-1024x683.jpeg 1024w, https:\/\/www.sabbath.com.co\/ontheroad\/wp-content\/uploads\/2021\/08\/1-300x200.jpeg 300w, https:\/\/www.sabbath.com.co\/ontheroad\/wp-content\/uploads\/2021\/08\/1-768x512.jpeg 768w, https:\/\/www.sabbath.com.co\/ontheroad\/wp-content\/uploads\/2021\/08\/1-1536x1024.jpeg 1536w, https:\/\/www.sabbath.com.co\/ontheroad\/wp-content\/uploads\/2021\/08\/1.jpeg 1600w\" sizes=\"auto, (max-width: 375px) 100vw, 375px\" \/><\/figure><\/div>\n\n\n\n<p>En este espacio, con el fin de inspirar a los j\u00f3venes, los artistas aprovecharon la oportunidad para hablar de sus historias de superaci\u00f3n. Asimismo, contar c\u00f3mo el arte y la cultura son un incentivo para tener nuevas din\u00e1micas en los proyectos de vida.<\/p>\n\n\n\n<p>\u201cLa idea es que ustedes se enamoren del arte, la cultura, que lo vean como veh\u00edculo donde puedan canalizar todas esas emociones. Nosotros creemos en ustedes, los queremos, son importantes y aqu\u00ed nos vamos a seguir viendo y ojal\u00e1 en la calle puedan mostrarle a la ciudad ese talento que ustedes tienen. Lo sue\u00f1o y lo puedo, ese es el mensaje que les quiero dejar hoy\u201d, expres\u00f3 la gestora social de Medell\u00edn, Diana Osorio.<\/p>\n\n\n\n<p>Esta actividad hace parte de la M\u00fasica por la Vida, un programa que lleva arte y cultura a poblaci\u00f3n vulnerable que no tiene acceso a este tipo de oferta.<\/p>\n\n\n\n<p>\u201cHaberse roto no es el final, muchas veces es el principio. Yo no solo creo que ustedes valen mucho, creo que cuando cada piecita est\u00e9 soldada ustedes van a valer m\u00e1s que cualquier persona. Yo quiero ponerlos en el centro de la ciudad y que sus historias sean un ejemplo que inspiren a muchos otros, que se vuelvan inspiradores, maestros, pastores, que se conviertan en el camino para llevar a otros de la mano y para poderlos sacar de las dificultades. Cuando alguien les diga que no pueden no le crean, digan s\u00ed puedo y van a llegar hasta donde quieran\u201d, manifest\u00f3 el alcalde Daniel Quintero Calle.<\/p>\n\n\n\n<div class=\"wp-block-image\"><figure class=\"alignleft size-large is-resized\"><img loading=\"lazy\" decoding=\"async\" src=\"https:\/\/www.sabbath.com.co\/ontheroad\/wp-content\/uploads\/2021\/08\/75-683x1024.jpeg\" alt=\"\" class=\"wp-image-1043\" width=\"321\" height=\"481\" srcset=\"https:\/\/www.sabbath.com.co\/ontheroad\/wp-content\/uploads\/2021\/08\/75-683x1024.jpeg 683w, https:\/\/www.sabbath.com.co\/ontheroad\/wp-content\/uploads\/2021\/08\/75-200x300.jpeg 200w, https:\/\/www.sabbath.com.co\/ontheroad\/wp-content\/uploads\/2021\/08\/75-768x1152.jpeg 768w, https:\/\/www.sabbath.com.co\/ontheroad\/wp-content\/uploads\/2021\/08\/75-1024x1536.jpeg 1024w, https:\/\/www.sabbath.com.co\/ontheroad\/wp-content\/uploads\/2021\/08\/75.jpeg 1067w\" sizes=\"auto, (max-width: 321px) 100vw, 321px\" \/><\/figure><\/div>\n\n\n\n<p>El mandatario resalt\u00f3 que es la primera vez que estos eventos llegan a un centro de reclusi\u00f3n de menores en el marco de la Feria de las Flores.<\/p>\n\n\n\n<p>\u201cNo dejen de so\u00f1ar, tocar fondo es una oportunidad para volverse a levantar. No dejen de so\u00f1ar, detr\u00e1s de cada uno de ustedes hay una vida, una historia, para construir, para transformar y para llenarse de alegr\u00eda y de vida.\u201d, indic\u00f3 el director del \u00c1rea Metropolitana, Juan David Palacio.<\/p>\n\n\n\n<p>La actividad cont\u00f3 con el apoyo del \u00c1rea Metropolitana del Valle de Aburr\u00e1 y las secretar\u00edas de Cultura Ciudadana y No-Violencia.<\/p>\n\n\n\n<p>\u201cYo soy artista, yo estudi\u00e9 teatro y hoy el alcalde me dio la oportunidad de estar aqu\u00ed con ustedes, y trabaj\u00e9 con muchos j\u00f3venes como ustedes en Medell\u00edn y hoy yo me siento muy contento de poder estar aqu\u00ed para decirles que el arte y la M\u00fasica por la Vida hacen posible que tengamos un mejor futuro, por eso desde la Secretar\u00eda de Cultura esta Feria de las Flores es para celebrar la vida y lo que queremos invitar a que sue\u00f1en la vida\u201d, concluy\u00f3 el secretario de Cultura, \u00c1lvaro Narvaez.<\/p>\n\n\n\n<p>Informaci\u00f3n para periodistas<br>Despacho Gestora Social<br>Andr\u00e9s Fern\u00e1ndez<\/p>\n","protected":false},"excerpt":{"rendered":"<p>Voceros: Daniel Quintero Calle, alcalde de Medell\u00edn; Diana Osorio, Gestora Social; \u00c1lvaro Narv\u00e1ez, secretario de Cultura Ciudadana; Juan Carlos Upegui, secretario de la No-Violencia; y Juan David Palacio, director del \u00c1rea Metropolitana. La iniciativa hace parte del programa M\u00fasica por la Vida, liderado por la gestora social de Medell\u00edn. 350 j\u00f3venes disfrutaron de un espacio [&hellip;]<\/p>\n","protected":false},"author":2,"featured_media":1040,"comment_status":"open","ping_status":"open","sticky":false,"template":"","format":"standard","meta":{"_acf_changed":false,"footnotes":""},"categories":[40],"tags":[],"class_list":["post-1039","post","type-post","status-publish","format-standard","has-post-thumbnail","hentry","category-noticias"],"acf":[],"yoast_head":"<!-- This site is optimized with the Yoast SEO plugin v19.9 - https:\/\/yoast.com\/wordpress\/plugins\/seo\/ -->\n<title>La Feria de las Flores lleg\u00f3 con Blessd, Adriana Luc\u00eda y Laberinto al Centro de Atenci\u00f3n al Joven La Pola - Sabbath on the Road<\/title>\n<meta name=\"robots\" content=\"index, follow, max-snippet:-1, max-image-preview:large, max-video-preview:-1\" \/>\n<link rel=\"canonical\" href=\"https:\/\/www.sabbath.com.co\/ontheroad\/la-feria-de-las-flores-llego-con-blessd-adriana-lucia-y-laberinto-al-centro-de-atencion-al-joven-la-pola\" \/>\n<meta property=\"og:locale\" content=\"es_ES\" \/>\n<meta property=\"og:type\" content=\"article\" \/>\n<meta property=\"og:title\" content=\"La Feria de las Flores lleg\u00f3 con Blessd, Adriana Luc\u00eda y Laberinto al Centro de Atenci\u00f3n al Joven La Pola - Sabbath on the Road\" \/>\n<meta property=\"og:description\" content=\"Voceros: Daniel Quintero Calle, alcalde de Medell\u00edn; Diana Osorio, Gestora Social; \u00c1lvaro Narv\u00e1ez, secretario de Cultura Ciudadana; Juan Carlos Upegui, secretario de la No-Violencia; y Juan David Palacio, director del \u00c1rea Metropolitana. La iniciativa hace parte del programa M\u00fasica por la Vida, liderado por la gestora social de Medell\u00edn. 350 j\u00f3venes disfrutaron de un espacio [&hellip;]\" \/>\n<meta property=\"og:url\" content=\"https:\/\/www.sabbath.com.co\/ontheroad\/la-feria-de-las-flores-llego-con-blessd-adriana-lucia-y-laberinto-al-centro-de-atencion-al-joven-la-pola\" \/>\n<meta property=\"og:site_name\" content=\"Sabbath on the Road\" \/>\n<meta property=\"article:published_time\" content=\"2021-08-18T00:14:14+00:00\" \/>\n<meta property=\"article:modified_time\" content=\"2021-08-18T20:51:49+00:00\" \/>\n<meta property=\"og:image\" content=\"https:\/\/www.sabbath.com.co\/ontheroad\/wp-content\/uploads\/2021\/08\/WhatsApp-Image-2021-08-17-at-4.03.34-PM.jpeg\" \/>\n\t<meta property=\"og:image:width\" content=\"1280\" \/>\n\t<meta property=\"og:image:height\" content=\"853\" \/>\n\t<meta property=\"og:image:type\" content=\"image\/jpeg\" \/>\n<meta name=\"author\" content=\"Maria Antonia\" \/>\n<meta name=\"twitter:card\" content=\"summary_large_image\" \/>\n<meta name=\"twitter:label1\" content=\"Escrito por\" \/>\n\t<meta name=\"twitter:data1\" content=\"Maria Antonia\" \/>\n\t<meta name=\"twitter:label2\" content=\"Tiempo de lectura\" \/>\n\t<meta name=\"twitter:data2\" content=\"3 minutos\" \/>\n<script type=\"application\/ld+json\" class=\"yoast-schema-graph\">{\"@context\":\"https:\/\/schema.org\",\"@graph\":[{\"@type\":\"WebPage\",\"@id\":\"https:\/\/www.sabbath.com.co\/ontheroad\/la-feria-de-las-flores-llego-con-blessd-adriana-lucia-y-laberinto-al-centro-de-atencion-al-joven-la-pola\",\"url\":\"https:\/\/www.sabbath.com.co\/ontheroad\/la-feria-de-las-flores-llego-con-blessd-adriana-lucia-y-laberinto-al-centro-de-atencion-al-joven-la-pola\",\"name\":\"La Feria de las Flores lleg\u00f3 con Blessd, Adriana Luc\u00eda y Laberinto al Centro de Atenci\u00f3n al Joven La Pola - Sabbath on the Road\",\"isPartOf\":{\"@id\":\"https:\/\/www.sabbath.com.co\/ontheroad\/#website\"},\"datePublished\":\"2021-08-18T00:14:14+00:00\",\"dateModified\":\"2021-08-18T20:51:49+00:00\",\"author\":{\"@id\":\"https:\/\/www.sabbath.com.co\/ontheroad\/#\/schema\/person\/a7b28e2d999f57dac21c87ecd68f8106\"},\"breadcrumb\":{\"@id\":\"https:\/\/www.sabbath.com.co\/ontheroad\/la-feria-de-las-flores-llego-con-blessd-adriana-lucia-y-laberinto-al-centro-de-atencion-al-joven-la-pola#breadcrumb\"},\"inLanguage\":\"es\",\"potentialAction\":[{\"@type\":\"ReadAction\",\"target\":[\"https:\/\/www.sabbath.com.co\/ontheroad\/la-feria-de-las-flores-llego-con-blessd-adriana-lucia-y-laberinto-al-centro-de-atencion-al-joven-la-pola\"]}]},{\"@type\":\"BreadcrumbList\",\"@id\":\"https:\/\/www.sabbath.com.co\/ontheroad\/la-feria-de-las-flores-llego-con-blessd-adriana-lucia-y-laberinto-al-centro-de-atencion-al-joven-la-pola#breadcrumb\",\"itemListElement\":[{\"@type\":\"ListItem\",\"position\":1,\"name\":\"Portada\",\"item\":\"https:\/\/www.sabbath.com.co\/ontheroad\/\"},{\"@type\":\"ListItem\",\"position\":2,\"name\":\"La Feria de las Flores lleg\u00f3 con Blessd, Adriana Luc\u00eda y Laberinto al Centro de Atenci\u00f3n al Joven La Pola\"}]},{\"@type\":\"WebSite\",\"@id\":\"https:\/\/www.sabbath.com.co\/ontheroad\/#website\",\"url\":\"https:\/\/www.sabbath.com.co\/ontheroad\/\",\"name\":\"Sabbath on the Road\",\"description\":\"Medio de comunicaci\u00f3n alternativo para m\u00fasicos y j\u00f3venes\",\"potentialAction\":[{\"@type\":\"SearchAction\",\"target\":{\"@type\":\"EntryPoint\",\"urlTemplate\":\"https:\/\/www.sabbath.com.co\/ontheroad\/?s={search_term_string}\"},\"query-input\":\"required name=search_term_string\"}],\"inLanguage\":\"es\"},{\"@type\":\"Person\",\"@id\":\"https:\/\/www.sabbath.com.co\/ontheroad\/#\/schema\/person\/a7b28e2d999f57dac21c87ecd68f8106\",\"name\":\"Maria Antonia\",\"image\":{\"@type\":\"ImageObject\",\"inLanguage\":\"es\",\"@id\":\"https:\/\/www.sabbath.com.co\/ontheroad\/#\/schema\/person\/image\/\",\"url\":\"https:\/\/secure.gravatar.com\/avatar\/46877da4c430ede8b64d2f50c40a2143735b013c467305341eb977f98f33afdc?s=96&d=mm&r=g\",\"contentUrl\":\"https:\/\/secure.gravatar.com\/avatar\/46877da4c430ede8b64d2f50c40a2143735b013c467305341eb977f98f33afdc?s=96&d=mm&r=g\",\"caption\":\"Maria Antonia\"},\"url\":\"https:\/\/www.sabbath.com.co\/ontheroad\/author\/mariaan\"}]}<\/script>\n<!-- \/ Yoast SEO plugin. -->","yoast_head_json":{"title":"La Feria de las Flores lleg\u00f3 con Blessd, Adriana Luc\u00eda y Laberinto al Centro de Atenci\u00f3n al Joven La Pola - Sabbath on the Road","robots":{"index":"index","follow":"follow","max-snippet":"max-snippet:-1","max-image-preview":"max-image-preview:large","max-video-preview":"max-video-preview:-1"},"canonical":"https:\/\/www.sabbath.com.co\/ontheroad\/la-feria-de-las-flores-llego-con-blessd-adriana-lucia-y-laberinto-al-centro-de-atencion-al-joven-la-pola","og_locale":"es_ES","og_type":"article","og_title":"La Feria de las Flores lleg\u00f3 con Blessd, Adriana Luc\u00eda y Laberinto al Centro de Atenci\u00f3n al Joven La Pola - Sabbath on the Road","og_description":"Voceros: Daniel Quintero Calle, alcalde de Medell\u00edn; Diana Osorio, Gestora Social; \u00c1lvaro Narv\u00e1ez, secretario de Cultura Ciudadana; Juan Carlos Upegui, secretario de la No-Violencia; y Juan David Palacio, director del \u00c1rea Metropolitana. La iniciativa hace parte del programa M\u00fasica por la Vida, liderado por la gestora social de Medell\u00edn. 350 j\u00f3venes disfrutaron de un espacio [&hellip;]","og_url":"https:\/\/www.sabbath.com.co\/ontheroad\/la-feria-de-las-flores-llego-con-blessd-adriana-lucia-y-laberinto-al-centro-de-atencion-al-joven-la-pola","og_site_name":"Sabbath on the Road","article_published_time":"2021-08-18T00:14:14+00:00","article_modified_time":"2021-08-18T20:51:49+00:00","og_image":[{"width":1280,"height":853,"url":"https:\/\/www.sabbath.com.co\/ontheroad\/wp-content\/uploads\/2021\/08\/WhatsApp-Image-2021-08-17-at-4.03.34-PM.jpeg","type":"image\/jpeg"}],"author":"Maria Antonia","twitter_card":"summary_large_image","twitter_misc":{"Escrito por":"Maria Antonia","Tiempo de lectura":"3 minutos"},"schema":{"@context":"https:\/\/schema.org","@graph":[{"@type":"WebPage","@id":"https:\/\/www.sabbath.com.co\/ontheroad\/la-feria-de-las-flores-llego-con-blessd-adriana-lucia-y-laberinto-al-centro-de-atencion-al-joven-la-pola","url":"https:\/\/www.sabbath.com.co\/ontheroad\/la-feria-de-las-flores-llego-con-blessd-adriana-lucia-y-laberinto-al-centro-de-atencion-al-joven-la-pola","name":"La Feria de las Flores lleg\u00f3 con Blessd, Adriana Luc\u00eda y Laberinto al Centro de Atenci\u00f3n al Joven La Pola - Sabbath on the Road","isPartOf":{"@id":"https:\/\/www.sabbath.com.co\/ontheroad\/#website"},"datePublished":"2021-08-18T00:14:14+00:00","dateModified":"2021-08-18T20:51:49+00:00","author":{"@id":"https:\/\/www.sabbath.com.co\/ontheroad\/#\/schema\/person\/a7b28e2d999f57dac21c87ecd68f8106"},"breadcrumb":{"@id":"https:\/\/www.sabbath.com.co\/ontheroad\/la-feria-de-las-flores-llego-con-blessd-adriana-lucia-y-laberinto-al-centro-de-atencion-al-joven-la-pola#breadcrumb"},"inLanguage":"es","potentialAction":[{"@type":"ReadAction","target":["https:\/\/www.sabbath.com.co\/ontheroad\/la-feria-de-las-flores-llego-con-blessd-adriana-lucia-y-laberinto-al-centro-de-atencion-al-joven-la-pola"]}]},{"@type":"BreadcrumbList","@id":"https:\/\/www.sabbath.com.co\/ontheroad\/la-feria-de-las-flores-llego-con-blessd-adriana-lucia-y-laberinto-al-centro-de-atencion-al-joven-la-pola#breadcrumb","itemListElement":[{"@type":"ListItem","position":1,"name":"Portada","item":"https:\/\/www.sabbath.com.co\/ontheroad\/"},{"@type":"ListItem","position":2,"name":"La Feria de las Flores lleg\u00f3 con Blessd, Adriana Luc\u00eda y Laberinto al Centro de Atenci\u00f3n al Joven La Pola"}]},{"@type":"WebSite","@id":"https:\/\/www.sabbath.com.co\/ontheroad\/#website","url":"https:\/\/www.sabbath.com.co\/ontheroad\/","name":"Sabbath on the Road","description":"Medio de comunicaci\u00f3n alternativo para m\u00fasicos y j\u00f3venes","potentialAction":[{"@type":"SearchAction","target":{"@type":"EntryPoint","urlTemplate":"https:\/\/www.sabbath.com.co\/ontheroad\/?s={search_term_string}"},"query-input":"required name=search_term_string"}],"inLanguage":"es"},{"@type":"Person","@id":"https:\/\/www.sabbath.com.co\/ontheroad\/#\/schema\/person\/a7b28e2d999f57dac21c87ecd68f8106","name":"Maria Antonia","image":{"@type":"ImageObject","inLanguage":"es","@id":"https:\/\/www.sabbath.com.co\/ontheroad\/#\/schema\/person\/image\/","url":"https:\/\/secure.gravatar.com\/avatar\/46877da4c430ede8b64d2f50c40a2143735b013c467305341eb977f98f33afdc?s=96&d=mm&r=g","contentUrl":"https:\/\/secure.gravatar.com\/avatar\/46877da4c430ede8b64d2f50c40a2143735b013c467305341eb977f98f33afdc?s=96&d=mm&r=g","caption":"Maria Antonia"},"url":"https:\/\/www.sabbath.com.co\/ontheroad\/author\/mariaan"}]}},"_links":{"self":[{"href":"https:\/\/www.sabbath.com.co\/ontheroad\/wp-json\/wp\/v2\/posts\/1039","targetHints":{"allow":["GET"]}}],"collection":[{"href":"https:\/\/www.sabbath.com.co\/ontheroad\/wp-json\/wp\/v2\/posts"}],"about":[{"href":"https:\/\/www.sabbath.com.co\/ontheroad\/wp-json\/wp\/v2\/types\/post"}],"author":[{"embeddable":true,"href":"https:\/\/www.sabbath.com.co\/ontheroad\/wp-json\/wp\/v2\/users\/2"}],"replies":[{"embeddable":true,"href":"https:\/\/www.sabbath.com.co\/ontheroad\/wp-json\/wp\/v2\/comments?post=1039"}],"version-history":[{"count":0,"href":"https:\/\/www.sabbath.com.co\/ontheroad\/wp-json\/wp\/v2\/posts\/1039\/revisions"}],"wp:featuredmedia":[{"embeddable":true,"href":"https:\/\/www.sabbath.com.co\/ontheroad\/wp-json\/wp\/v2\/media\/1040"}],"wp:attachment":[{"href":"https:\/\/www.sabbath.com.co\/ontheroad\/wp-json\/wp\/v2\/media?parent=1039"}],"wp:term":[{"taxonomy":"category","embeddable":true,"href":"https:\/\/www.sabbath.com.co\/ontheroad\/wp-json\/wp\/v2\/categories?post=1039"},{"taxonomy":"post_tag","embeddable":true,"href":"https:\/\/www.sabbath.com.co\/ontheroad\/wp-json\/wp\/v2\/tags?post=1039"}],"curies":[{"name":"wp","href":"https:\/\/api.w.org\/{rel}","templated":true}]}}